{"id":1209,"__str__":"Indica\u00e7\u00e3o n\u00ba 206 de 2025","link_detail_backend":"/materia/1209","metadata":{},"numero":206,"ano":2025,"numero_protocolo":null,"data_apresentacao":"2025-11-10","tipo_apresentacao":"E","data_publicacao":null,"numero_origem_externa":"","ano_origem_externa":null,"data_origem_externa":null,"apelido":"","dias_prazo":null,"data_fim_prazo":null,"em_tramitacao":false,"polemica":false,"objeto":"","complementar":false,"ementa":"M\u00e1rio Rebou\u00e7as de Almeida, vereador com assento nesta Casa Legislativa- indica ao Senhor Prefeito Valt\u00e9cio Neves Aguiar a implanta\u00e7\u00e3o do Projeto \"Zona Azul\" no Munic\u00edpio de Caetit\u00e9.","indexacao":"","observacao":"","resultado":"","texto_original":"http://sapl.caetite.ba.leg.br/media/sapl/public/materialegislativa/2025/1209/indicacao_no_206.pdf","data_ultima_atualizacao":"2025-11-24T10:26:09.951967-03:00","ip":"168.90.76.215","ultima_edicao":"2025-11-24T10:23:51.083993-03:00","tipo":2,"regime_tramitacao":1,"tipo_origem_externa":null,"local_origem_externa":null,"user":15,"anexadas":[],"autores":[3]}